{"id":4164,"date":"2022-10-27T09:04:05","date_gmt":"2022-10-27T14:04:05","guid":{"rendered":"http:\/\/www.mantyobras.com\/blog\/?p=4164"},"modified":"2022-10-27T09:04:05","modified_gmt":"2022-10-27T14:04:05","slug":"mas-de-techo-propio","status":"publish","type":"post","link":"https:\/\/www.mantyobras.com\/blog\/mas-de-techo-propio","title":{"rendered":"MAS DE TECHO PROPIO"},"content":{"rendered":"\n<!-- Facebook Like Button v1.9.6 BEGIN [http:\/\/blog.bottomlessinc.com] -->\n<iframe src=\"http:\/\/www.facebook.com\/plugins\/like.php?href=https%3A%2F%2Fwww.mantyobras.com%2Fblog%2Fmas-de-techo-propio&amp;layout=standard&amp;show_faces=false&amp;width=450&amp;action=like&amp;colorscheme=light\" scrolling=\"no\" frameborder=\"0\" allowTransparency=\"true\" style=\"border:none; overflow:hidden; width:450px; height: 30px; align: left; margin: 2px 0px 2px 0px\"><\/iframe>\n<!-- Facebook Like Button END -->\n<p>Modalidad Adquisici\u00f3n de Vivienda Nueva<br \/>\nCaracter\u00edsticas:<br \/>\nAhorro: Mediante Resoluci\u00f3n Ministerial N\u00b0 397-2021-VIVIENDA se aprob\u00f3 el valor excepcional del Ahorro M\u00ednimo en la modalidad de AVN de 0.3% del valor de la vivienda.<br \/>\nValor de vivienda:<br \/>\nModalidad Detalle Valor de Vivienda Valor del BFH<br \/>\nAVN<br \/>\nVIS Priorizada en Lote Unifamiliar<br \/>\nHasta<br \/>\nS\/ 55,000<br \/>\n9.4 UIT<br \/>\nS\/ 43,240<br \/>\nVIS Priorizada en Edificio Multifamiliar\/ Conjunto Residencial\/<br \/>\nQuinta<br \/>\nHasta<br \/>\nS\/ 68,000<br \/>\n9.7 UIT<br \/>\nS\/ 44,620<br \/>\nVIS en Lote<br \/>\nUnifamiliar<br \/>\nHasta<br \/>\nS\/ 96,300<br \/>\n8.75 UIT (*) S\/ 40,250<br \/>\nVIS en Edificio Multifamiliar\/ Conjunto Residencial\/<br \/>\nQuinta<br \/>\nHasta S\/120,300<br \/>\n(*) BFH vigente hasta el 31.12.2022.<br \/>\n(*) 25% adicional al BFH (8.75UIT) para personas con discapacidad de las FFAA y PNP.<br \/>\n(*) 51% adicional al BFH (8UIT) para v\u00edctimas que perdieron sus viviendas a causa del terrorismo.<\/p>\n<p>&nbsp;<\/p>\n<p>Fuente: MIVIVIENDA.<\/p>\n","protected":false},"excerpt":{"rendered":"<p>Modalidad Adquisici\u00f3n de Vivienda Nueva Caracter\u00edsticas: Ahorro: Mediante Resoluci\u00f3n Ministerial N\u00b0 397-2021-VIVIENDA se aprob\u00f3 el valor excepcional del Ahorro M\u00ednimo en la modalidad de AVN de 0.3% del valor de la vivienda. Valor de vivienda: Modalidad Detalle Valor de Vivienda Valor del BFH AVN VIS Priorizada en Lote Unifamiliar Hasta S\/ 55,000 9.4 UIT S\/ &hellip; <a href=\"https:\/\/www.mantyobras.com\/blog\/mas-de-techo-propio\" class=\"more-link\">Continuar leyendo<span class=\"screen-reader-text\"> \u00abMAS DE TECHO PROPIO\u00bb<\/span><\/a><\/p>\n","protected":false},"author":2,"featured_media":0,"comment_status":"open","ping_status":"open","sticky":false,"template":"","format":"standard","meta":{"footnotes":""},"categories":[1],"tags":[],"class_list":["post-4164","post","type-post","status-publish","format-standard","hentry","category-sin-categoria"],"_links":{"self":[{"href":"https:\/\/www.mantyobras.com\/blog\/wp-json\/wp\/v2\/posts\/4164","targetHints":{"allow":["GET"]}}],"collection":[{"href":"https:\/\/www.mantyobras.com\/blog\/wp-json\/wp\/v2\/posts"}],"about":[{"href":"https:\/\/www.mantyobras.com\/blog\/wp-json\/wp\/v2\/types\/post"}],"author":[{"embeddable":true,"href":"https:\/\/www.mantyobras.com\/blog\/wp-json\/wp\/v2\/users\/2"}],"replies":[{"embeddable":true,"href":"https:\/\/www.mantyobras.com\/blog\/wp-json\/wp\/v2\/comments?post=4164"}],"version-history":[{"count":1,"href":"https:\/\/www.mantyobras.com\/blog\/wp-json\/wp\/v2\/posts\/4164\/revisions"}],"predecessor-version":[{"id":4165,"href":"https:\/\/www.mantyobras.com\/blog\/wp-json\/wp\/v2\/posts\/4164\/revisions\/4165"}],"wp:attachment":[{"href":"https:\/\/www.mantyobras.com\/blog\/wp-json\/wp\/v2\/media?parent=4164"}],"wp:term":[{"taxonomy":"category","embeddable":true,"href":"https:\/\/www.mantyobras.com\/blog\/wp-json\/wp\/v2\/categories?post=4164"},{"taxonomy":"post_tag","embeddable":true,"href":"https:\/\/www.mantyobras.com\/blog\/wp-json\/wp\/v2\/tags?post=4164"}],"curies":[{"name":"wp","href":"https:\/\/api.w.org\/{rel}","templated":true}]}}