{"id":4395,"date":"2025-05-04T00:12:08","date_gmt":"2025-05-04T05:12:08","guid":{"rendered":"http:\/\/www.mantyobras.com\/blog\/?p=4395"},"modified":"2025-08-09T20:33:15","modified_gmt":"2025-08-10T01:33:15","slug":"venta-de-local-en-belen-maynas-3-pisos-167-m2","status":"publish","type":"post","link":"https:\/\/www.mantyobras.com\/blog\/venta-de-local-en-belen-maynas-3-pisos-167-m2","title":{"rendered":"Venta de local en Belen Maynas 3 pisos  167 m2"},"content":{"rendered":"\n<!-- Facebook Like Button v1.9.6 BEGIN [http:\/\/blog.bottomlessinc.com] -->\n<iframe src=\"http:\/\/www.facebook.com\/plugins\/like.php?href=https%3A%2F%2Fwww.mantyobras.com%2Fblog%2Fventa-de-local-en-belen-maynas-3-pisos-167-m2&amp;layout=standard&amp;show_faces=false&amp;width=450&amp;action=like&amp;colorscheme=light\" scrolling=\"no\" frameborder=\"0\" allowTransparency=\"true\" style=\"border:none; overflow:hidden; width:450px; height: 30px; align: left; margin: 2px 0px 2px 0px\"><\/iframe>\n<!-- Facebook Like Button END -->\n<p>Venta un local comercial (TALLER\/DEPOSITO) ubicado en Calle Julio C Arana, cdra. 1, Zona Urbana, Distrito de Bel\u00e9n, Provincia de Maynas y Departamento de Loreto.<\/p>\n<p>La propiedad es local de 3 pisos, frente a calle, cerca del Comercial Quispe, Galer\u00edas Quispe y del Mercado Bel\u00e9n.<\/p>\n<p>Cuenta con obras completas de habilitaci\u00f3n urbana tales como: pistas asfaltadas, veredas de concreto, alumbrado p\u00fablico, servicio de agua, desag\u00fce, luz y tel\u00e9fono.<\/p>\n<p>V\u00edas de acceso: Av. Alfonso Ugarte, Av. Grau, Av. Mariscal C\u00e1ceres y Calle Julio C Arana, entre otras.<br \/>\nDistribuci\u00f3n:<br \/>\n1er piso: Ingreso, Zona de Almacenamiento y Escaleras al 2do nivel.<br \/>\n2do nivel: Almac\u00e9n, Estar, Cocina, Comedor, 1 Dormitorio, 1 Ba\u00f1o y Escaleras al 3er nivel.<br \/>\n3er nivel: (Azotea)Estar, 1 Dormitorio, 1 Ba\u00f1o y Deposito.<\/p>\n<p>\u00c1rea Construida: 238.08 m2<br \/>\n\u00c1rea de terreno: 167.19 m2<\/p>\n<p><strong>Precio de venta: USD $ 145,218\u00a0 \u00a0NEGOCIABLE<\/strong><\/p>\n<p><strong>Celulares:<\/strong><\/p>\n<p><strong>941-104546 \/ 960-174599<br \/>\n<a href=\"http:\/\/www.mantyobras.com\/blog\/wp-content\/uploads\/2025\/05\/imagen_de_whatsapp_2025-02-05_a_las_09.47.52_f679f85f.jpg\"><img loading=\"lazy\" decoding=\"async\" class=\"aligncenter  wp-image-4396\" src=\"http:\/\/www.mantyobras.com\/blog\/wp-content\/uploads\/2025\/05\/imagen_de_whatsapp_2025-02-05_a_las_09.47.52_f679f85f.jpg\" alt=\"\" width=\"423\" height=\"540\" srcset=\"https:\/\/www.mantyobras.com\/blog\/wp-content\/uploads\/2025\/05\/imagen_de_whatsapp_2025-02-05_a_las_09.47.52_f679f85f.jpg 720w, https:\/\/www.mantyobras.com\/blog\/wp-content\/uploads\/2025\/05\/imagen_de_whatsapp_2025-02-05_a_las_09.47.52_f679f85f-235x300.jpg 235w\" sizes=\"auto, (max-width: 423px) 85vw, 423px\" \/><\/a><br \/>\n<\/strong><\/p>\n","protected":false},"excerpt":{"rendered":"<p>Venta un local comercial (TALLER\/DEPOSITO) ubicado en Calle Julio C Arana, cdra. 1, Zona Urbana, Distrito de Bel\u00e9n, Provincia de Maynas y Departamento de Loreto. La propiedad es local de 3 pisos, frente a calle, cerca del Comercial Quispe, Galer\u00edas Quispe y del Mercado Bel\u00e9n. Cuenta con obras completas de habilitaci\u00f3n urbana tales como: pistas &hellip; <a href=\"https:\/\/www.mantyobras.com\/blog\/venta-de-local-en-belen-maynas-3-pisos-167-m2\" class=\"more-link\">Continuar leyendo<span class=\"screen-reader-text\"> \u00abVenta de local en Belen Maynas 3 pisos  167 m2\u00bb<\/span><\/a><\/p>\n","protected":false},"author":2,"featured_media":0,"comment_status":"open","ping_status":"open","sticky":false,"template":"","format":"standard","meta":{"footnotes":""},"categories":[441,439,369,447,407,401],"tags":[],"class_list":["post-4395","post","type-post","status-publish","format-standard","hentry","category-1-ventas-por-tipo-de-inmueble","category-2-ventas-por-ubicacion","category-belen-maynas-loreto","category-1-locales-comerciales","category-loreto-2-ventas-por-ubicacion","category-maynas-loreto"],"_links":{"self":[{"href":"https:\/\/www.mantyobras.com\/blog\/wp-json\/wp\/v2\/posts\/4395","targetHints":{"allow":["GET"]}}],"collection":[{"href":"https:\/\/www.mantyobras.com\/blog\/wp-json\/wp\/v2\/posts"}],"about":[{"href":"https:\/\/www.mantyobras.com\/blog\/wp-json\/wp\/v2\/types\/post"}],"author":[{"embeddable":true,"href":"https:\/\/www.mantyobras.com\/blog\/wp-json\/wp\/v2\/users\/2"}],"replies":[{"embeddable":true,"href":"https:\/\/www.mantyobras.com\/blog\/wp-json\/wp\/v2\/comments?post=4395"}],"version-history":[{"count":1,"href":"https:\/\/www.mantyobras.com\/blog\/wp-json\/wp\/v2\/posts\/4395\/revisions"}],"predecessor-version":[{"id":4397,"href":"https:\/\/www.mantyobras.com\/blog\/wp-json\/wp\/v2\/posts\/4395\/revisions\/4397"}],"wp:attachment":[{"href":"https:\/\/www.mantyobras.com\/blog\/wp-json\/wp\/v2\/media?parent=4395"}],"wp:term":[{"taxonomy":"category","embeddable":true,"href":"https:\/\/www.mantyobras.com\/blog\/wp-json\/wp\/v2\/categories?post=4395"},{"taxonomy":"post_tag","embeddable":true,"href":"https:\/\/www.mantyobras.com\/blog\/wp-json\/wp\/v2\/tags?post=4395"}],"curies":[{"name":"wp","href":"https:\/\/api.w.org\/{rel}","templated":true}]}}